{"id":204,"date":"2024-10-04T22:14:49","date_gmt":"2024-10-04T20:14:49","guid":{"rendered":"https:\/\/www.reku.hu\/blog\/?p=204"},"modified":"2024-10-15T10:24:37","modified_gmt":"2024-10-15T08:24:37","slug":"az-alvilag-kartyaja-avagy-a-hanafuda-sotet-multja-de-annal-fenyesebb-jelene","status":"publish","type":"post","link":"https:\/\/www.reku.hu\/blog\/index.php\/2024\/10\/04\/az-alvilag-kartyaja-avagy-a-hanafuda-sotet-multja-de-annal-fenyesebb-jelene\/","title":{"rendered":"Az alvil\u00e1g k\u00e1rty\u00e1ja \u2013 avagy a Hanafuda s\u00f6t\u00e9t m\u00faltja (de ann\u00e1l f\u00e9nyesebb jelene)"},"content":{"rendered":"\n<p><\/p>\n\n\n\n<p>Gondoltad volna, hogy ennek a csod\u00e1latos k\u00e1rtyaj\u00e1t\u00e9knak szinte sz\u00fclet\u00e9s\u00e9t\u0151l kezdve bujdosnia kellett? \u00c9n sem. Noha jap\u00e1n kutat\u00f3k sem teljesen \u00e9rtenek egyet mindenben a Vir\u00e1gk\u00e1rtya pontos kialakul\u00e1s\u00e1val kapcsolatban, az\u00e9rt nagyvonalakban igyekszem a l\u00e9nyeget \u00e1tadni.<\/p>\n\n\n\n<p>Hogyha nem tudod, pontosan mi a Hanafuda, akkor aj\u00e1nlom a k\u00f6nnyed <a href=\"https:\/\/www.reku.hu\/blog\/index.php\/2024\/08\/31\/de-mi-az-a-hanafuda-attekintes\/\">\u00e1ttekint\u0151 cikkemet<\/a> a t\u00f6ri el\u0151tt.<\/p>\n\n\n\n<h3 class=\"wp-block-heading\">A kezdetek<\/h3>\n\n\n\n<p>A t\u00f6rt\u00e9net innen Eur\u00f3p\u00e1b\u00f3l, pontosabban Spanyolorsz\u00e1gb\u00f3l indult, Xav\u00e9ri Szent Ferenc j\u00f3volt\u00e1b\u00f3l. A jap\u00e1n misszi\u00f3ja alkalm\u00e1val 1549-ben m\u00edg \u0151 a kereszt\u00e9nys\u00e9get terjesztette, a leg\u00e9nys\u00e9gnek k\u00f6sz\u00f6nhet\u0151en a francia k\u00e1rtya is besziv\u00e1rgott az orsz\u00e1gba. Mi most a j\u00e1t\u00e9kok vonal\u00e1n megy\u00fcnk tov\u00e1bb. A \u201cfuda\u201d (\u672d) sz\u00f3 k\u00e1rty\u00e1t jelent ugyan, de van erre egy m\u00e1sik szavuk is a jap\u00e1noknak, m\u00e9ghozz\u00e1 a \u201ckaruta\u201d, a spanyol \u201ccarta\u201d alapj\u00e1n.<\/p>\n\n\n\n<p>Nagyj\u00e1b\u00f3l 80 \u00e9vvel k\u00e9s\u0151bb a Jap\u00e1n izol\u00e1ci\u00f3 id\u0151szak\u00e1ban, a k\u00fclf\u00f6ldi k\u00e1rtya is sz\u00e1m\u0171z\u00f6tt\u00e9 v\u00e1lt. \u00c1m sejthetj\u00fck, hogy ez nem jelenthette a j\u00e1t\u00e9k v\u00e9g\u00e9t. A szamur\u00e1jok k\u00f6r\u00e9ben felett\u00e9bb n\u00e9pszer\u0171v\u00e9 v\u00e1ltak a szerencsej\u00e1t\u00e9kok, amit a sh\u014dgun nehezm\u00e9nyezett, \u00edgy betiltotta a haz\u00e1rdj\u00e1t\u00e9kokat. Ezek a k\u00e1rty\u00e1k sz\u00e1mozottak voltak, azaz egy\u00e9rtelm\u0171en l\u00e1that\u00f3 volt a lapok \u00e9rt\u00e9ke, \u00e9s \u00fagy gondolt\u00e1k, hogy ez teszi lehet\u0151v\u00e9 vel\u00fck a szerencsej\u00e1t\u00e9kot.<\/p>\n\n\n\n<h3 class=\"wp-block-heading\">Hanafuda, mint kiskapu<\/h3>\n\n\n\n<p>A betilt\u00e1s ut\u00e1n kiskapu gyan\u00e1nt kidolgozt\u00e1k a Hanafuda k\u00f6zvetlen el\u0151dj\u00e9t, ami sz\u00e1mok helyett vir\u00e1gokat \u00e9s madarakat \u00e1br\u00e1zolt. K\u00e9zzel festett, aranyozott kivitelez\u00e9se szofisztik\u00e1ltabb\u00e1 tette a megjelen\u00e9s\u00e9t, \u00e9s \u00edgy m\u00e1r kev\u00e9sb\u00e9 illett a szerencsej\u00e1t\u00e9kok alantas kateg\u00f3ri\u00e1j\u00e1ba. Term\u00e9szetesen tov\u00e1bbra is eg\u00e9szen egyszer\u0171en pontokat t\u00e1rs\u00edtottak a lapokhoz, csak \u00edgy nem volt olyan egy\u00e9rtelm\u0171en k\u00e9tes kin\u00e9zet\u0171.<\/p>\n\n\n\n<figure class=\"wp-block-image aligncenter size-large is-resized\"><img loading=\"lazy\" decoding=\"async\" width=\"1024\" height=\"709\" src=\"https:\/\/www.reku.hu\/blog\/wp-content\/uploads\/2024\/10\/3-3-05-Hanatoriawase-Muraikarutasiryoukan-bessatutaiyouirohakaruta-hanafuda-blog-1024x709.jpg\" alt=\"\" class=\"wp-image-207\" style=\"width:504px;height:auto\" srcset=\"https:\/\/www.reku.hu\/blog\/wp-content\/uploads\/2024\/10\/3-3-05-Hanatoriawase-Muraikarutasiryoukan-bessatutaiyouirohakaruta-hanafuda-blog-1024x709.jpg 1024w, https:\/\/www.reku.hu\/blog\/wp-content\/uploads\/2024\/10\/3-3-05-Hanatoriawase-Muraikarutasiryoukan-bessatutaiyouirohakaruta-hanafuda-blog-300x208.jpg 300w, https:\/\/www.reku.hu\/blog\/wp-content\/uploads\/2024\/10\/3-3-05-Hanatoriawase-Muraikarutasiryoukan-bessatutaiyouirohakaruta-hanafuda-blog-768x532.jpg 768w, https:\/\/www.reku.hu\/blog\/wp-content\/uploads\/2024\/10\/3-3-05-Hanatoriawase-Muraikarutasiryoukan-bessatutaiyouirohakaruta-hanafuda-blog-1536x1063.jpg 1536w, https:\/\/www.reku.hu\/blog\/wp-content\/uploads\/2024\/10\/3-3-05-Hanatoriawase-Muraikarutasiryoukan-bessatutaiyouirohakaruta-hanafuda-blog.jpg 1700w\" sizes=\"(max-width: 1024px) 100vw, 1024px\" \/><\/figure>\n\n\n\n<p>Ezut\u00e1n tov\u00e1bb terjedt a Hanafuda, \u00e9s hi\u00e1ba ker\u00fclt ism\u00e9t betilt\u00e1sra, l\u00e9trej\u00f6ttek titkos \u201cj\u00e1t\u00e9ktermek\u201d \u00fczletek h\u00e1ts\u00f3 r\u00e9szeiben, ahol a d\u00f6rzs\u00f6ltebbek b\u0171n\u00f6zni tudtak.<\/p>\n\n\n\n<figure class=\"wp-block-pullquote\"><blockquote><p><em>\u261d&nbsp;<strong>Fun Fact:<\/strong>&nbsp;A \u201cd\u00f6rzs\u00f6lt\u201d sz\u00f3 haszn\u00e1lata sz\u00e1nd\u00e9kos volt, ugyanis az orrd\u00f6rzs\u00f6l\u00e9s volt a titkos jele annak, hogy Hanafud\u00e1zni \u00e9rkeztek. A \u201chana\u201d vir\u00e1got \u00e9s orrot is jelent, innen a jelz\u00e9s. \ud83d\ude42<\/em><\/p><\/blockquote><\/figure>\n\n\n\n<p>A&nbsp;<strong>Meidzsi-restaur\u00e1ci\u00f3<\/strong>&nbsp;eredm\u00e9nyek\u00e9nt meglazultak az addigi tilalmak. Maeda Kihei nagy b\u00e1tran k\u00eds\u00e9rleti jelleggel megnyitotta az els\u0151 Hanafud\u00e1t \u00e1rus\u00edt\u00f3 boltot 1886-ban. Mivel a hat\u00f3s\u00e1gok semmilyen l\u00e9p\u00e9st nem tettek a j\u00e1t\u00e9k ellen, \u00edgy ny\u00edltan folytathatta tev\u00e9kenys\u00e9g\u00e9t hozz\u00e1j\u00e1rulva ezzel a Vir\u00e1gk\u00e1rtya terjed\u0151 n\u00e9pszer\u0171s\u00e9g\u00e9hez.<\/p>\n\n\n\n<p>A yakuza is igen kedvelte a Vir\u00e1gk\u00e1rty\u00e1t. Nagyszer\u0171 alvil\u00e1gi j\u00e1t\u00e9knak bizonyult \u2013 mint ahogy korai m\u00faltja is bizony\u00edtja \u2013, sokf\u00e9le szerencsej\u00e1t\u00e9kra alkalmas volt. Kicsi m\u00e9rete (~ 3 \u00d7 5 cm) r\u00e9v\u00e9n pedig k\u00f6nny\u0171 volt sutyiban haszn\u00e1lni, gyorsan elrejteni vagy t\u00e1rolni.<\/p>\n\n\n\n<h3 class=\"wp-block-heading\">Modern gy\u00e1rt\u00f3k<\/h3>\n\n\n\n<p>Tudod mi k\u00f6ze a Super Mario-nak a Hanafud\u00e1hoz? Nos, a <strong>Nintendo<\/strong> 1889-ben konkr\u00e9tan az\u00e9rt j\u00f6tt l\u00e9tre, hogy Hanafud\u00e1t gy\u00e1rtson. Eddig viszonylag dr\u00e1g\u00e1n lehetett csak paklihoz jutni a k\u00f6r\u00fclm\u00e9nyes gy\u00e1rt\u00e1si folyamatok miatt. A Nintendonak siker\u00fclt kidolgoznia egy hat\u00e9konyabb gy\u00e1rt\u00e1si m\u00f3dszert, ez\u00e9rt az \u0151 paklijuk el\u00e9rhet\u0151bb \u00e1ron ker\u00fclhetett piacra. A Nintendo m\u00e1ig gy\u00e1rtja a j\u00e1t\u00e9kot, tal\u00e1lunk k\u00fcl\u00f6nleges tematikus kiad\u00e1sokat is, mint pl. Super Mario Hanafuda, Hello Kitty Hanafuda, Pokemon Hanafuda, stb. A modern verzi\u00f3kr\u00f3l nem is besz\u00e9lve.<\/p>\n\n\n\n<figure class=\"wp-block-image aligncenter size-full is-resized\"><img loading=\"lazy\" decoding=\"async\" width=\"900\" height=\"506\" src=\"https:\/\/www.reku.hu\/blog\/wp-content\/uploads\/2024\/10\/image.jpg\" alt=\"\" class=\"wp-image-208\" style=\"width:656px;height:auto\" srcset=\"https:\/\/www.reku.hu\/blog\/wp-content\/uploads\/2024\/10\/image.jpg 900w, https:\/\/www.reku.hu\/blog\/wp-content\/uploads\/2024\/10\/image-300x169.jpg 300w, https:\/\/www.reku.hu\/blog\/wp-content\/uploads\/2024\/10\/image-768x432.jpg 768w\" sizes=\"(max-width: 900px) 100vw, 900px\" \/><\/figure>\n\n\n\n<p>\u00c9rdemes megeml\u00edteni egy Kiot\u00f3i gy\u00e1rt\u00f3t, az <strong>Oishi Tengudo<\/strong>-t, ahol m\u00e1ig k\u00e9zzel k\u00e9sz\u00edtik a paklikat. Szitanyom\u00e1ssal, k\u00e9zi ragaszt\u00e1ssal. Azt hiszem, ez is meg\u00e9rne egy cikket. Eml\u00e9keztek az orrd\u00f6rzs\u00f6l\u00e9sre? Oishi Tengudo-nak a jellegzetes nagyorr\u00fa \u00f6rd\u00f6gfej\/maszk a log\u00f3ja.<\/p>\n\n\n\n<p>Nagyszer\u0171, hogy a <a href=\"https:\/\/nihonkaori.hu\/termekeim\/japan-kartyak\/\">Nihon Kaori<\/a> j\u00f3volt\u00e1b\u00f3l itt Magyarorsz\u00e1gon is hozz\u00e1juthatunk autentikus jap\u00e1n paklikhoz, melyeket m\u00e1ig k\u00e9zzel k\u00e9sz\u00edtenek. Eg\u00e9szen elk\u00e9peszt\u0151 \u00e9rz\u00e9s k\u00e9zbe venni ezeket a k\u00e1rtyalapokat.<\/p>\n\n\n\n<figure class=\"wp-block-image aligncenter size-full is-resized\"><img loading=\"lazy\" decoding=\"async\" width=\"597\" height=\"405\" src=\"https:\/\/www.reku.hu\/blog\/wp-content\/uploads\/2024\/10\/image.png\" alt=\"\" class=\"wp-image-209\" style=\"width:559px;height:auto\" srcset=\"https:\/\/www.reku.hu\/blog\/wp-content\/uploads\/2024\/10\/image.png 597w, https:\/\/www.reku.hu\/blog\/wp-content\/uploads\/2024\/10\/image-300x204.png 300w\" sizes=\"(max-width: 597px) 100vw, 597px\" \/><\/figure>\n\n\n\n<p>Tradicion\u00e1lis, mag\u00e1val ragad\u00f3 l\u00e1tv\u00e1nyvil\u00e1ga k\u00fcl\u00f6n\u00f6sen beind\u00edtja tervez\u0151k \u00e9s m\u0171v\u00e9szek fant\u00e1zi\u00e1j\u00e1t a vil\u00e1g minden t\u00e1j\u00e1r\u00f3l, ez\u00e9rt \u00e9rthet\u0151 m\u00f3don rengeteg modern, szebbn\u00e9l-szebb m\u0171v\u00e9szeti feldolgoz\u00e1sa van a Hanafud\u00e1nak.<\/p>\n\n\n\n<blockquote class=\"wp-block-quote is-layout-flow wp-block-quote-is-layout-flow\">\n<p><\/p>\n<\/blockquote>\n\n\n\n<h3 class=\"wp-block-heading\">Digit\u00e1lis megold\u00e1sok<\/h3>\n\n\n\n<p>Term\u00e9szetesen sz\u00e1mtalan digit\u00e1lis v\u00e1ltozata is megjelent m\u00e1r a j\u00e1t\u00e9knak. A t\u00f6bbj\u00e1t\u00e9kos lehet\u0151s\u00e9gek j\u00f3val korl\u00e1tozottabbak, f\u0151leg ha nem tudunk jap\u00e1nul. Mivel nagyon szerett\u00fcnk Hanafud\u00e1zni, de a t\u00e1vols\u00e1g akad\u00e1lyozott, illetve nem nagyon tal\u00e1ltunk kellemes (egyszer\u0171, de sz\u00e9p) multiplayer verzi\u00f3t, ez\u00e9rt elk\u00e9sz\u00edtett\u00fck a saj\u00e1tunkat. Egy nagyon egyszer\u0171 Koi-Koi j\u00e1t\u00e9kot, amihez m\u00e9g regisztr\u00e1lni sem kell. Nincs semmi sallang, csak a j\u00e1t\u00e9k. \u00cdgy teh\u00e1t mondhatjuk, hogy a <a href=\"http:\/\/hanafuda.online\">Hanafuda.Online<\/a>-nal \u00e9s a <a href=\"http:\/\/reku.hu\/hanafudaklub\">Hanafuda Klubbal<\/a> mi is becsatlakozunk a Hanafuda t\u00f6rt\u00e9nelm\u00e9be. \ud83d\ude42<\/p>\n\n\n\n<hr class=\"wp-block-separator has-alpha-channel-opacity\"\/>\n\n\n\n<p style=\"font-size:0.8rem\"><strong><em>Forr\u00e1sok:<\/em><\/strong><\/p>\n\n\n\n<p style=\"font-size:0.8rem\"><a href=\"https:\/\/www.japan-zone.com\/features\/059_surprising_history_of_hanafuda.shtml\">https:\/\/www.japan-zone.com\/features\/059_surprising_history_of_hanafuda.shtml<\/a><\/p>\n\n\n\n<p style=\"font-size:0.8rem\"><a href=\"https:\/\/steve-p.org\/cards\/Hana.html\">https:\/\/steve-p.org\/cards\/Hana.html<\/a><\/p>\n\n\n\n<p style=\"font-size:0.8rem\"><a href=\"https:\/\/liginc.co.jp\/279307\">https:\/\/liginc.co.jp\/279307<\/a><\/p>\n\n\n\n<p style=\"font-size:0.8rem\"><a href=\"https:\/\/japanplayingcardmuseum.com\/3-3-1-5-flowercarta-historical-materials\/\">https:\/\/japanplayingcardmuseum.com\/3-3-1-5-flowercarta-historical-materials\/<\/a><\/p>\n\n\n\n<p style=\"font-size:0.8rem\"><\/p>\n\n\n\n<p><\/p>\n","protected":false},"excerpt":{"rendered":"<p>Gondoltad volna, hogy ennek a csod\u00e1latos k\u00e1rtyaj\u00e1t\u00e9knak szinte sz\u00fclet\u00e9s\u00e9t\u0151l kezdve bujdosnia kellett? \u00c9n sem. Noha jap\u00e1n kutat\u00f3k sem teljesen \u00e9rtenek egyet mindenben a Vir\u00e1gk\u00e1rtya pontos kialakul\u00e1s\u00e1val kapcsolatban, az\u00e9rt nagyvonalakban igyekszem a l\u00e9nyeget \u00e1tadni. Hogyha nem tudod, pontosan mi a Hanafuda, akkor aj\u00e1nlom a k\u00f6nnyed \u00e1ttekint\u0151 cikkemet a t\u00f6ri el\u0151tt. A kezdetek A t\u00f6rt\u00e9net innen Eur\u00f3p\u00e1b\u00f3l, [&hellip;]<\/p>\n","protected":false},"author":1,"featured_media":214,"comment_status":"open","ping_status":"open","sticky":false,"template":"","format":"standard","meta":{"_monsterinsights_skip_tracking":false,"_monsterinsights_sitenote_active":false,"_monsterinsights_sitenote_note":"","_monsterinsights_sitenote_category":0,"footnotes":""},"categories":[1],"tags":[11,12],"class_list":["post-204","post","type-post","status-publish","format-standard","has-post-thumbnail","hentry","category-hanafuda","tag-hanafuda","tag-tortenelem"],"yoast_head":"<!-- This site is optimized with the Yoast SEO plugin v23.4 - https:\/\/yoast.com\/wordpress\/plugins\/seo\/ -->\n<title>Az alvil\u00e1g k\u00e1rty\u00e1ja \u2013 avagy a Hanafuda s\u00f6t\u00e9t m\u00faltja (de ann\u00e1l f\u00e9nyesebb jelene) - Hanafuda Sarok - Reku<\/title>\n<meta name=\"description\" content=\"Gondoltad volna, hogy ennek a csod\u00e1latos k\u00e1rtyaj\u00e1t\u00e9knak szinte sz\u00fclet\u00e9s\u00e9t\u0151l kezdve bujdosnia kellett? \u00c9n sem.\" \/>\n<meta name=\"robots\" content=\"index, follow, max-snippet:-1, max-image-preview:large, max-video-preview:-1\" \/>\n<link rel=\"canonical\" href=\"https:\/\/www.reku.hu\/blog\/index.php\/2024\/10\/04\/az-alvilag-kartyaja-avagy-a-hanafuda-sotet-multja-de-annal-fenyesebb-jelene\/\" \/>\n<meta property=\"og:locale\" content=\"hu_HU\" \/>\n<meta property=\"og:type\" content=\"article\" \/>\n<meta property=\"og:title\" content=\"Az alvil\u00e1g k\u00e1rty\u00e1ja \u2013 avagy a Hanafuda s\u00f6t\u00e9t m\u00faltja (de ann\u00e1l f\u00e9nyesebb jelene) - Hanafuda Sarok - Reku\" \/>\n<meta property=\"og:description\" content=\"Gondoltad volna, hogy ennek a csod\u00e1latos k\u00e1rtyaj\u00e1t\u00e9knak szinte sz\u00fclet\u00e9s\u00e9t\u0151l kezdve bujdosnia kellett? \u00c9n sem.\" \/>\n<meta property=\"og:url\" content=\"https:\/\/www.reku.hu\/blog\/index.php\/2024\/10\/04\/az-alvilag-kartyaja-avagy-a-hanafuda-sotet-multja-de-annal-fenyesebb-jelene\/\" \/>\n<meta property=\"og:site_name\" content=\"Hanafuda Sarok - Reku\" \/>\n<meta property=\"article:published_time\" content=\"2024-10-04T20:14:49+00:00\" \/>\n<meta property=\"article:modified_time\" content=\"2024-10-15T08:24:37+00:00\" \/>\n<meta property=\"og:image\" content=\"https:\/\/www.reku.hu\/blog\/wp-content\/uploads\/2024\/10\/a-hanafuda-sotet-multja-hanafuda-tortenelem-kiemelt-kep.jpg\" \/>\n\t<meta property=\"og:image:width\" content=\"1980\" \/>\n\t<meta property=\"og:image:height\" content=\"488\" \/>\n\t<meta property=\"og:image:type\" content=\"image\/jpeg\" \/>\n<meta name=\"author\" content=\"rekublog\" \/>\n<meta name=\"twitter:card\" content=\"summary_large_image\" \/>\n<meta name=\"twitter:label1\" content=\"Szerz\u0151:\" \/>\n\t<meta name=\"twitter:data1\" content=\"rekublog\" \/>\n\t<meta name=\"twitter:label2\" content=\"Becs\u00fclt olvas\u00e1si id\u0151\" \/>\n\t<meta name=\"twitter:data2\" content=\"4 perc\" \/>\n<script type=\"application\/ld+json\" class=\"yoast-schema-graph\">{\"@context\":\"https:\/\/schema.org\",\"@graph\":[{\"@type\":\"Article\",\"@id\":\"https:\/\/www.reku.hu\/blog\/index.php\/2024\/10\/04\/az-alvilag-kartyaja-avagy-a-hanafuda-sotet-multja-de-annal-fenyesebb-jelene\/#article\",\"isPartOf\":{\"@id\":\"https:\/\/www.reku.hu\/blog\/index.php\/2024\/10\/04\/az-alvilag-kartyaja-avagy-a-hanafuda-sotet-multja-de-annal-fenyesebb-jelene\/\"},\"author\":{\"name\":\"rekublog\",\"@id\":\"https:\/\/www.reku.hu\/blog\/#\/schema\/person\/776f6ecddb6b3bf58203f29431e163b2\"},\"headline\":\"Az alvil\u00e1g k\u00e1rty\u00e1ja \u2013 avagy a Hanafuda s\u00f6t\u00e9t m\u00faltja (de ann\u00e1l f\u00e9nyesebb jelene)\",\"datePublished\":\"2024-10-04T20:14:49+00:00\",\"dateModified\":\"2024-10-15T08:24:37+00:00\",\"mainEntityOfPage\":{\"@id\":\"https:\/\/www.reku.hu\/blog\/index.php\/2024\/10\/04\/az-alvilag-kartyaja-avagy-a-hanafuda-sotet-multja-de-annal-fenyesebb-jelene\/\"},\"wordCount\":980,\"commentCount\":0,\"publisher\":{\"@id\":\"https:\/\/www.reku.hu\/blog\/#organization\"},\"image\":{\"@id\":\"https:\/\/www.reku.hu\/blog\/index.php\/2024\/10\/04\/az-alvilag-kartyaja-avagy-a-hanafuda-sotet-multja-de-annal-fenyesebb-jelene\/#primaryimage\"},\"thumbnailUrl\":\"https:\/\/www.reku.hu\/blog\/wp-content\/uploads\/2024\/10\/a-hanafuda-sotet-multja-hanafuda-tortenelem-kiemelt-kep.jpg\",\"keywords\":[\"hanafuda\",\"t\u00f6rt\u00e9nelem\"],\"articleSection\":[\"Hanafuda\"],\"inLanguage\":\"hu\",\"potentialAction\":[{\"@type\":\"CommentAction\",\"name\":\"Comment\",\"target\":[\"https:\/\/www.reku.hu\/blog\/index.php\/2024\/10\/04\/az-alvilag-kartyaja-avagy-a-hanafuda-sotet-multja-de-annal-fenyesebb-jelene\/#respond\"]}]},{\"@type\":\"WebPage\",\"@id\":\"https:\/\/www.reku.hu\/blog\/index.php\/2024\/10\/04\/az-alvilag-kartyaja-avagy-a-hanafuda-sotet-multja-de-annal-fenyesebb-jelene\/\",\"url\":\"https:\/\/www.reku.hu\/blog\/index.php\/2024\/10\/04\/az-alvilag-kartyaja-avagy-a-hanafuda-sotet-multja-de-annal-fenyesebb-jelene\/\",\"name\":\"Az alvil\u00e1g k\u00e1rty\u00e1ja \u2013 avagy a Hanafuda s\u00f6t\u00e9t m\u00faltja (de ann\u00e1l f\u00e9nyesebb jelene) - Hanafuda Sarok - Reku\",\"isPartOf\":{\"@id\":\"https:\/\/www.reku.hu\/blog\/#website\"},\"primaryImageOfPage\":{\"@id\":\"https:\/\/www.reku.hu\/blog\/index.php\/2024\/10\/04\/az-alvilag-kartyaja-avagy-a-hanafuda-sotet-multja-de-annal-fenyesebb-jelene\/#primaryimage\"},\"image\":{\"@id\":\"https:\/\/www.reku.hu\/blog\/index.php\/2024\/10\/04\/az-alvilag-kartyaja-avagy-a-hanafuda-sotet-multja-de-annal-fenyesebb-jelene\/#primaryimage\"},\"thumbnailUrl\":\"https:\/\/www.reku.hu\/blog\/wp-content\/uploads\/2024\/10\/a-hanafuda-sotet-multja-hanafuda-tortenelem-kiemelt-kep.jpg\",\"datePublished\":\"2024-10-04T20:14:49+00:00\",\"dateModified\":\"2024-10-15T08:24:37+00:00\",\"description\":\"Gondoltad volna, hogy ennek a csod\u00e1latos k\u00e1rtyaj\u00e1t\u00e9knak szinte sz\u00fclet\u00e9s\u00e9t\u0151l kezdve bujdosnia kellett? \u00c9n sem.\",\"breadcrumb\":{\"@id\":\"https:\/\/www.reku.hu\/blog\/index.php\/2024\/10\/04\/az-alvilag-kartyaja-avagy-a-hanafuda-sotet-multja-de-annal-fenyesebb-jelene\/#breadcrumb\"},\"inLanguage\":\"hu\",\"potentialAction\":[{\"@type\":\"ReadAction\",\"target\":[\"https:\/\/www.reku.hu\/blog\/index.php\/2024\/10\/04\/az-alvilag-kartyaja-avagy-a-hanafuda-sotet-multja-de-annal-fenyesebb-jelene\/\"]}]},{\"@type\":\"ImageObject\",\"inLanguage\":\"hu\",\"@id\":\"https:\/\/www.reku.hu\/blog\/index.php\/2024\/10\/04\/az-alvilag-kartyaja-avagy-a-hanafuda-sotet-multja-de-annal-fenyesebb-jelene\/#primaryimage\",\"url\":\"https:\/\/www.reku.hu\/blog\/wp-content\/uploads\/2024\/10\/a-hanafuda-sotet-multja-hanafuda-tortenelem-kiemelt-kep.jpg\",\"contentUrl\":\"https:\/\/www.reku.hu\/blog\/wp-content\/uploads\/2024\/10\/a-hanafuda-sotet-multja-hanafuda-tortenelem-kiemelt-kep.jpg\",\"width\":1980,\"height\":488,\"caption\":\"edf\"},{\"@type\":\"BreadcrumbList\",\"@id\":\"https:\/\/www.reku.hu\/blog\/index.php\/2024\/10\/04\/az-alvilag-kartyaja-avagy-a-hanafuda-sotet-multja-de-annal-fenyesebb-jelene\/#breadcrumb\",\"itemListElement\":[{\"@type\":\"ListItem\",\"position\":1,\"name\":\"Home\",\"item\":\"https:\/\/www.reku.hu\/blog\/\"},{\"@type\":\"ListItem\",\"position\":2,\"name\":\"Az alvil\u00e1g k\u00e1rty\u00e1ja \u2013 avagy a Hanafuda s\u00f6t\u00e9t m\u00faltja (de ann\u00e1l f\u00e9nyesebb jelene)\"}]},{\"@type\":\"WebSite\",\"@id\":\"https:\/\/www.reku.hu\/blog\/#website\",\"url\":\"https:\/\/www.reku.hu\/blog\/\",\"name\":\"Hanafuda Sarok - Reku\",\"description\":\"\",\"publisher\":{\"@id\":\"https:\/\/www.reku.hu\/blog\/#organization\"},\"potentialAction\":[{\"@type\":\"SearchAction\",\"target\":{\"@type\":\"EntryPoint\",\"urlTemplate\":\"https:\/\/www.reku.hu\/blog\/?s={search_term_string}\"},\"query-input\":{\"@type\":\"PropertyValueSpecification\",\"valueRequired\":true,\"valueName\":\"search_term_string\"}}],\"inLanguage\":\"hu\"},{\"@type\":\"Organization\",\"@id\":\"https:\/\/www.reku.hu\/blog\/#organization\",\"name\":\"Hanafuda Sarok - Reku\",\"url\":\"https:\/\/www.reku.hu\/blog\/\",\"logo\":{\"@type\":\"ImageObject\",\"inLanguage\":\"hu\",\"@id\":\"https:\/\/www.reku.hu\/blog\/#\/schema\/logo\/image\/\",\"url\":\"https:\/\/www.reku.hu\/blog\/wp-content\/uploads\/2024\/08\/reku-logo-kek.png\",\"contentUrl\":\"https:\/\/www.reku.hu\/blog\/wp-content\/uploads\/2024\/08\/reku-logo-kek.png\",\"width\":300,\"height\":300,\"caption\":\"Hanafuda Sarok - Reku\"},\"image\":{\"@id\":\"https:\/\/www.reku.hu\/blog\/#\/schema\/logo\/image\/\"}},{\"@type\":\"Person\",\"@id\":\"https:\/\/www.reku.hu\/blog\/#\/schema\/person\/776f6ecddb6b3bf58203f29431e163b2\",\"name\":\"rekublog\",\"image\":{\"@type\":\"ImageObject\",\"inLanguage\":\"hu\",\"@id\":\"https:\/\/www.reku.hu\/blog\/#\/schema\/person\/image\/\",\"url\":\"https:\/\/secure.gravatar.com\/avatar\/ee2fb16cab4e738ccf42651f747ae33a?s=96&d=mm&r=g\",\"contentUrl\":\"https:\/\/secure.gravatar.com\/avatar\/ee2fb16cab4e738ccf42651f747ae33a?s=96&d=mm&r=g\",\"caption\":\"rekublog\"},\"sameAs\":[\"https:\/\/www.reku.hu\/blog\"],\"url\":\"https:\/\/www.reku.hu\/blog\/index.php\/author\/rekublog\/\"}]}<\/script>\n<!-- \/ Yoast SEO plugin. -->","yoast_head_json":{"title":"Az alvil\u00e1g k\u00e1rty\u00e1ja \u2013 avagy a Hanafuda s\u00f6t\u00e9t m\u00faltja (de ann\u00e1l f\u00e9nyesebb jelene) - Hanafuda Sarok - Reku","description":"Gondoltad volna, hogy ennek a csod\u00e1latos k\u00e1rtyaj\u00e1t\u00e9knak szinte sz\u00fclet\u00e9s\u00e9t\u0151l kezdve bujdosnia kellett? \u00c9n sem.","robots":{"index":"index","follow":"follow","max-snippet":"max-snippet:-1","max-image-preview":"max-image-preview:large","max-video-preview":"max-video-preview:-1"},"canonical":"https:\/\/www.reku.hu\/blog\/index.php\/2024\/10\/04\/az-alvilag-kartyaja-avagy-a-hanafuda-sotet-multja-de-annal-fenyesebb-jelene\/","og_locale":"hu_HU","og_type":"article","og_title":"Az alvil\u00e1g k\u00e1rty\u00e1ja \u2013 avagy a Hanafuda s\u00f6t\u00e9t m\u00faltja (de ann\u00e1l f\u00e9nyesebb jelene) - Hanafuda Sarok - Reku","og_description":"Gondoltad volna, hogy ennek a csod\u00e1latos k\u00e1rtyaj\u00e1t\u00e9knak szinte sz\u00fclet\u00e9s\u00e9t\u0151l kezdve bujdosnia kellett? \u00c9n sem.","og_url":"https:\/\/www.reku.hu\/blog\/index.php\/2024\/10\/04\/az-alvilag-kartyaja-avagy-a-hanafuda-sotet-multja-de-annal-fenyesebb-jelene\/","og_site_name":"Hanafuda Sarok - Reku","article_published_time":"2024-10-04T20:14:49+00:00","article_modified_time":"2024-10-15T08:24:37+00:00","og_image":[{"width":1980,"height":488,"url":"https:\/\/www.reku.hu\/blog\/wp-content\/uploads\/2024\/10\/a-hanafuda-sotet-multja-hanafuda-tortenelem-kiemelt-kep.jpg","type":"image\/jpeg"}],"author":"rekublog","twitter_card":"summary_large_image","twitter_misc":{"Szerz\u0151:":"rekublog","Becs\u00fclt olvas\u00e1si id\u0151":"4 perc"},"schema":{"@context":"https:\/\/schema.org","@graph":[{"@type":"Article","@id":"https:\/\/www.reku.hu\/blog\/index.php\/2024\/10\/04\/az-alvilag-kartyaja-avagy-a-hanafuda-sotet-multja-de-annal-fenyesebb-jelene\/#article","isPartOf":{"@id":"https:\/\/www.reku.hu\/blog\/index.php\/2024\/10\/04\/az-alvilag-kartyaja-avagy-a-hanafuda-sotet-multja-de-annal-fenyesebb-jelene\/"},"author":{"name":"rekublog","@id":"https:\/\/www.reku.hu\/blog\/#\/schema\/person\/776f6ecddb6b3bf58203f29431e163b2"},"headline":"Az alvil\u00e1g k\u00e1rty\u00e1ja \u2013 avagy a Hanafuda s\u00f6t\u00e9t m\u00faltja (de ann\u00e1l f\u00e9nyesebb jelene)","datePublished":"2024-10-04T20:14:49+00:00","dateModified":"2024-10-15T08:24:37+00:00","mainEntityOfPage":{"@id":"https:\/\/www.reku.hu\/blog\/index.php\/2024\/10\/04\/az-alvilag-kartyaja-avagy-a-hanafuda-sotet-multja-de-annal-fenyesebb-jelene\/"},"wordCount":980,"commentCount":0,"publisher":{"@id":"https:\/\/www.reku.hu\/blog\/#organization"},"image":{"@id":"https:\/\/www.reku.hu\/blog\/index.php\/2024\/10\/04\/az-alvilag-kartyaja-avagy-a-hanafuda-sotet-multja-de-annal-fenyesebb-jelene\/#primaryimage"},"thumbnailUrl":"https:\/\/www.reku.hu\/blog\/wp-content\/uploads\/2024\/10\/a-hanafuda-sotet-multja-hanafuda-tortenelem-kiemelt-kep.jpg","keywords":["hanafuda","t\u00f6rt\u00e9nelem"],"articleSection":["Hanafuda"],"inLanguage":"hu","potentialAction":[{"@type":"CommentAction","name":"Comment","target":["https:\/\/www.reku.hu\/blog\/index.php\/2024\/10\/04\/az-alvilag-kartyaja-avagy-a-hanafuda-sotet-multja-de-annal-fenyesebb-jelene\/#respond"]}]},{"@type":"WebPage","@id":"https:\/\/www.reku.hu\/blog\/index.php\/2024\/10\/04\/az-alvilag-kartyaja-avagy-a-hanafuda-sotet-multja-de-annal-fenyesebb-jelene\/","url":"https:\/\/www.reku.hu\/blog\/index.php\/2024\/10\/04\/az-alvilag-kartyaja-avagy-a-hanafuda-sotet-multja-de-annal-fenyesebb-jelene\/","name":"Az alvil\u00e1g k\u00e1rty\u00e1ja \u2013 avagy a Hanafuda s\u00f6t\u00e9t m\u00faltja (de ann\u00e1l f\u00e9nyesebb jelene) - Hanafuda Sarok - Reku","isPartOf":{"@id":"https:\/\/www.reku.hu\/blog\/#website"},"primaryImageOfPage":{"@id":"https:\/\/www.reku.hu\/blog\/index.php\/2024\/10\/04\/az-alvilag-kartyaja-avagy-a-hanafuda-sotet-multja-de-annal-fenyesebb-jelene\/#primaryimage"},"image":{"@id":"https:\/\/www.reku.hu\/blog\/index.php\/2024\/10\/04\/az-alvilag-kartyaja-avagy-a-hanafuda-sotet-multja-de-annal-fenyesebb-jelene\/#primaryimage"},"thumbnailUrl":"https:\/\/www.reku.hu\/blog\/wp-content\/uploads\/2024\/10\/a-hanafuda-sotet-multja-hanafuda-tortenelem-kiemelt-kep.jpg","datePublished":"2024-10-04T20:14:49+00:00","dateModified":"2024-10-15T08:24:37+00:00","description":"Gondoltad volna, hogy ennek a csod\u00e1latos k\u00e1rtyaj\u00e1t\u00e9knak szinte sz\u00fclet\u00e9s\u00e9t\u0151l kezdve bujdosnia kellett? \u00c9n sem.","breadcrumb":{"@id":"https:\/\/www.reku.hu\/blog\/index.php\/2024\/10\/04\/az-alvilag-kartyaja-avagy-a-hanafuda-sotet-multja-de-annal-fenyesebb-jelene\/#breadcrumb"},"inLanguage":"hu","potentialAction":[{"@type":"ReadAction","target":["https:\/\/www.reku.hu\/blog\/index.php\/2024\/10\/04\/az-alvilag-kartyaja-avagy-a-hanafuda-sotet-multja-de-annal-fenyesebb-jelene\/"]}]},{"@type":"ImageObject","inLanguage":"hu","@id":"https:\/\/www.reku.hu\/blog\/index.php\/2024\/10\/04\/az-alvilag-kartyaja-avagy-a-hanafuda-sotet-multja-de-annal-fenyesebb-jelene\/#primaryimage","url":"https:\/\/www.reku.hu\/blog\/wp-content\/uploads\/2024\/10\/a-hanafuda-sotet-multja-hanafuda-tortenelem-kiemelt-kep.jpg","contentUrl":"https:\/\/www.reku.hu\/blog\/wp-content\/uploads\/2024\/10\/a-hanafuda-sotet-multja-hanafuda-tortenelem-kiemelt-kep.jpg","width":1980,"height":488,"caption":"edf"},{"@type":"BreadcrumbList","@id":"https:\/\/www.reku.hu\/blog\/index.php\/2024\/10\/04\/az-alvilag-kartyaja-avagy-a-hanafuda-sotet-multja-de-annal-fenyesebb-jelene\/#breadcrumb","itemListElement":[{"@type":"ListItem","position":1,"name":"Home","item":"https:\/\/www.reku.hu\/blog\/"},{"@type":"ListItem","position":2,"name":"Az alvil\u00e1g k\u00e1rty\u00e1ja \u2013 avagy a Hanafuda s\u00f6t\u00e9t m\u00faltja (de ann\u00e1l f\u00e9nyesebb jelene)"}]},{"@type":"WebSite","@id":"https:\/\/www.reku.hu\/blog\/#website","url":"https:\/\/www.reku.hu\/blog\/","name":"Hanafuda Sarok - Reku","description":"","publisher":{"@id":"https:\/\/www.reku.hu\/blog\/#organization"},"potentialAction":[{"@type":"SearchAction","target":{"@type":"EntryPoint","urlTemplate":"https:\/\/www.reku.hu\/blog\/?s={search_term_string}"},"query-input":{"@type":"PropertyValueSpecification","valueRequired":true,"valueName":"search_term_string"}}],"inLanguage":"hu"},{"@type":"Organization","@id":"https:\/\/www.reku.hu\/blog\/#organization","name":"Hanafuda Sarok - Reku","url":"https:\/\/www.reku.hu\/blog\/","logo":{"@type":"ImageObject","inLanguage":"hu","@id":"https:\/\/www.reku.hu\/blog\/#\/schema\/logo\/image\/","url":"https:\/\/www.reku.hu\/blog\/wp-content\/uploads\/2024\/08\/reku-logo-kek.png","contentUrl":"https:\/\/www.reku.hu\/blog\/wp-content\/uploads\/2024\/08\/reku-logo-kek.png","width":300,"height":300,"caption":"Hanafuda Sarok - Reku"},"image":{"@id":"https:\/\/www.reku.hu\/blog\/#\/schema\/logo\/image\/"}},{"@type":"Person","@id":"https:\/\/www.reku.hu\/blog\/#\/schema\/person\/776f6ecddb6b3bf58203f29431e163b2","name":"rekublog","image":{"@type":"ImageObject","inLanguage":"hu","@id":"https:\/\/www.reku.hu\/blog\/#\/schema\/person\/image\/","url":"https:\/\/secure.gravatar.com\/avatar\/ee2fb16cab4e738ccf42651f747ae33a?s=96&d=mm&r=g","contentUrl":"https:\/\/secure.gravatar.com\/avatar\/ee2fb16cab4e738ccf42651f747ae33a?s=96&d=mm&r=g","caption":"rekublog"},"sameAs":["https:\/\/www.reku.hu\/blog"],"url":"https:\/\/www.reku.hu\/blog\/index.php\/author\/rekublog\/"}]}},"_links":{"self":[{"href":"https:\/\/www.reku.hu\/blog\/index.php\/wp-json\/wp\/v2\/posts\/204"}],"collection":[{"href":"https:\/\/www.reku.hu\/blog\/index.php\/wp-json\/wp\/v2\/posts"}],"about":[{"href":"https:\/\/www.reku.hu\/blog\/index.php\/wp-json\/wp\/v2\/types\/post"}],"author":[{"embeddable":true,"href":"https:\/\/www.reku.hu\/blog\/index.php\/wp-json\/wp\/v2\/users\/1"}],"replies":[{"embeddable":true,"href":"https:\/\/www.reku.hu\/blog\/index.php\/wp-json\/wp\/v2\/comments?post=204"}],"version-history":[{"count":5,"href":"https:\/\/www.reku.hu\/blog\/index.php\/wp-json\/wp\/v2\/posts\/204\/revisions"}],"predecessor-version":[{"id":247,"href":"https:\/\/www.reku.hu\/blog\/index.php\/wp-json\/wp\/v2\/posts\/204\/revisions\/247"}],"wp:featuredmedia":[{"embeddable":true,"href":"https:\/\/www.reku.hu\/blog\/index.php\/wp-json\/wp\/v2\/media\/214"}],"wp:attachment":[{"href":"https:\/\/www.reku.hu\/blog\/index.php\/wp-json\/wp\/v2\/media?parent=204"}],"wp:term":[{"taxonomy":"category","embeddable":true,"href":"https:\/\/www.reku.hu\/blog\/index.php\/wp-json\/wp\/v2\/categories?post=204"},{"taxonomy":"post_tag","embeddable":true,"href":"https:\/\/www.reku.hu\/blog\/index.php\/wp-json\/wp\/v2\/tags?post=204"}],"curies":[{"name":"wp","href":"https:\/\/api.w.org\/{rel}","templated":true}]}}